{"id":2412,"date":"2022-08-25T09:04:02","date_gmt":"2022-08-25T12:04:02","guid":{"rendered":"https:\/\/www.infodolar.com\/blog\/?p=2412"},"modified":"2022-08-26T13:11:27","modified_gmt":"2022-08-26T16:11:27","slug":"resultados-encuesta-las-medidas-de-massa-llevaran-el-dolar-a","status":"publish","type":"post","link":"https:\/\/www.infodolar.com\/blog\/index.php\/resultados-encuesta-las-medidas-de-massa-llevaran-el-dolar-a\/","title":{"rendered":"Resultados encuesta \u201cLas medidas de Massa llevar\u00e1n el d\u00f3lar a\u201d"},"content":{"rendered":"\n<p>Entre el <strong>mi\u00e9rcoles 18 y el jueves 19 de agosto de 2022<\/strong> realizamos una encuesta en el <a rel=\"noreferrer noopener\" href=\"https:\/\/www.instagram.com\/infodolar\/\" target=\"_blank\">Instagram de InfoDolar<\/a> para conocer cu\u00e1l era el pron\u00f3stico del precio del d\u00f3lar blue para nuestros seguidores considerando las medidas que hab\u00eda anunciado el nuevo ministro de econom\u00eda Massa. Conoc\u00e9 el resultado de la encuesta que respondieron 3.875 personas en la presente nota.<\/p>\n\n\n\n<p>La encuesta <strong>\u201cLas medidas de Massa llevar\u00e1n el d\u00f3lar a\u201d<\/strong> estuvo 24 horas disponible en Instagram.<\/p>\n\n\n\n<p>Las opciones eran las siguientes:<\/p>\n\n\n\n<ul class=\"wp-block-list\"><li>Menos de $ 280<\/li><li>Entre $ 281 y $ 300<\/li><li>Entre $ 301 y $ 350<\/li><li>M\u00e1s de $ 350<\/li><\/ul>\n\n\n\n<p>A continuaci\u00f3n, se presentan los resultados de la encuesta:<\/p>\n\n\n<div class=\"wp-block-image\">\n<figure class=\"aligncenter size-large\"><img loading=\"lazy\" decoding=\"async\" width=\"566\" height=\"1024\" src=\"https:\/\/www.infodolar.com\/blog\/wp-content\/uploads\/2022\/08\/encuesta-dolar-medidas-massa-20220818-566x1024.jpg\" alt=\"Encuesta d\u00f3lar medidas Massa\" class=\"wp-image-2418\" srcset=\"https:\/\/www.infodolar.com\/blog\/wp-content\/uploads\/2022\/08\/encuesta-dolar-medidas-massa-20220818-566x1024.jpg 566w, https:\/\/www.infodolar.com\/blog\/wp-content\/uploads\/2022\/08\/encuesta-dolar-medidas-massa-20220818-166x300.jpg 166w, https:\/\/www.infodolar.com\/blog\/wp-content\/uploads\/2022\/08\/encuesta-dolar-medidas-massa-20220818.jpg 721w\" sizes=\"auto, (max-width: 566px) 100vw, 566px\" \/><figcaption>Resultados Encuesta <strong>\u201cLas medidas de Massa llevar\u00e1n el d\u00f3lar a<\/strong>\u201d \u2013 InfoDolar.com<\/figcaption><\/figure><\/div>\n\n\n<p>Como se puede observar <strong>casi el 90 % de los encuestados opina que con las medidas el d\u00f3lar blue se mantendr\u00e1 por encima de los $ 281 (27% +33% +27% igual al 87% del total). El 60% de los encuestados opina que el precio del d\u00f3lar blue estar\u00e1 por encima de los $ 301 (33% + 27%). Finalmente, el 27% de los encuestados opina que el valor del d\u00f3lar blue ser\u00e1 mayor a los $ 350. Solo un 12 % de los encuestados piensa que el d\u00f3lar blue se ubicar\u00e1 por debajo de los $ 280.<\/strong><\/p>\n\n\n\n<p><strong>En total respondieron la encuesta un total de 3.875 personas<\/strong>. El detalle de cantidad de personas por cada respuesta seleccionada fue el siguiente:<\/p>\n\n\n<div class=\"wp-block-image\">\n<figure class=\"aligncenter size-full\"><img loading=\"lazy\" decoding=\"async\" width=\"828\" height=\"579\" src=\"https:\/\/www.infodolar.com\/blog\/wp-content\/uploads\/2022\/08\/resultados-encuesta-dolar-medidas-massa-20220818.jpg\" alt=\"Resultados encuesta d\u00f3lar medidas Massa\" class=\"wp-image-2419\" srcset=\"https:\/\/www.infodolar.com\/blog\/wp-content\/uploads\/2022\/08\/resultados-encuesta-dolar-medidas-massa-20220818.jpg 828w, https:\/\/www.infodolar.com\/blog\/wp-content\/uploads\/2022\/08\/resultados-encuesta-dolar-medidas-massa-20220818-300x210.jpg 300w, https:\/\/www.infodolar.com\/blog\/wp-content\/uploads\/2022\/08\/resultados-encuesta-dolar-medidas-massa-20220818-768x537.jpg 768w\" sizes=\"auto, (max-width: 828px) 100vw, 828px\" \/><figcaption>Personas que votaron en encuesta \u201cLas medidas de Massa llevar\u00e1n al d\u00f3lar a:\u201d \u2013 InfoDolar.com<\/figcaption><\/figure><\/div>\n\n\n<p>Otras encuestas de InfoDolar:<\/p>\n\n\n\n<ul class=\"wp-block-list\"><li><a href=\"https:\/\/www.infodolar.com\/blog\/index.php\/resultados-encuesta-compraste-alguna-vez-dolar-cripto\/\">Compraste alguna vez d\u00f3lar cripto<\/a><\/li><li><a rel=\"noreferrer noopener\" href=\"https:\/\/www.infodolar.com\/blog\/index.php\/resultados-encuesta-compraste-dolares-en-los-ultimos-30-dias\/\" target=\"_blank\">Compraste d\u00f3lares en los \u00faltimos 30 d\u00edas<\/a><\/li><li><a rel=\"noreferrer noopener\" href=\"https:\/\/www.infodolar.com\/blog\/index.php\/resultados-encuesta-a-cuanto-va-a-estar-el-dolar-blue-el-lunes-despues-de-las-elecciones\/\" target=\"_blank\">A cu\u00e1nto va a estar el d\u00f3lar blue el lunes despu\u00e9s de las elecciones<\/a><\/li><li><a rel=\"noreferrer noopener\" href=\"https:\/\/www.infodolar.com\/blog\/index.php\/resultados-encuesta-a-cuanto-va-a-estar-el-dolar-blue-el-lunes-despues-de-las-paso\/\" target=\"_blank\">A cu\u00e1nto va a estar el d\u00f3lar blue el lunes despu\u00e9s de las PASO<\/a><\/li><li><a rel=\"noreferrer noopener\" href=\"https:\/\/www.infodolar.com\/blog\/index.php\/encuestas-sobre-extraccion-de-dolares\/\" target=\"_blank\">Extracci\u00f3n de d\u00f3lares del banco<\/a><\/li><li><a rel=\"noreferrer noopener\" href=\"https:\/\/www.infodolar.com\/blog\/index.php\/dolar-o-plazo-fijo-que-prefieren-los-argentinos\/\" target=\"_blank\">\u00bfD\u00f3lar o plazo fijo?<\/a><\/li><li><a rel=\"noreferrer noopener\" href=\"https:\/\/www.infodolar.com\/blog\/index.php\/que-prefieren-los-argentinos-para-ahorrar-dolar-o-euro\/\" target=\"_blank\">Qu\u00e9 prefieren los argentinos para ahorrar: \u00bfD\u00f3lar o Euro?<\/a><\/li><\/ul>\n","protected":false},"excerpt":{"rendered":"<p>Entre el mi\u00e9rcoles 18 y el jueves 19 de agosto de 2022 realizamos una encuesta en el Instagram de InfoDolar para conocer cu\u00e1l era el pron\u00f3stico del precio del d\u00f3lar blue para nuestros seguidores considerando las medidas que hab\u00eda anunciado el nuevo ministro de econom\u00eda Massa. Conoc\u00e9 el resultado de la encuesta que respondieron 3.875 [&hellip;]<\/p>\n","protected":false},"author":1,"featured_media":0,"comment_status":"open","ping_status":"open","sticky":false,"template":"","format":"standard","meta":{"_genesis_hide_title":false,"_genesis_hide_breadcrumbs":false,"_genesis_hide_singular_image":false,"_genesis_hide_footer_widgets":false,"_genesis_custom_body_class":"","_genesis_custom_post_class":"","_genesis_layout":"","footnotes":""},"categories":[4],"tags":[],"class_list":{"0":"post-2412","1":"post","2":"type-post","3":"status-publish","4":"format-standard","6":"category-dolar","7":"entry"},"_links":{"self":[{"href":"https:\/\/www.infodolar.com\/blog\/index.php\/wp-json\/wp\/v2\/posts\/2412","targetHints":{"allow":["GET"]}}],"collection":[{"href":"https:\/\/www.infodolar.com\/blog\/index.php\/wp-json\/wp\/v2\/posts"}],"about":[{"href":"https:\/\/www.infodolar.com\/blog\/index.php\/wp-json\/wp\/v2\/types\/post"}],"author":[{"embeddable":true,"href":"https:\/\/www.infodolar.com\/blog\/index.php\/wp-json\/wp\/v2\/users\/1"}],"replies":[{"embeddable":true,"href":"https:\/\/www.infodolar.com\/blog\/index.php\/wp-json\/wp\/v2\/comments?post=2412"}],"version-history":[{"count":0,"href":"https:\/\/www.infodolar.com\/blog\/index.php\/wp-json\/wp\/v2\/posts\/2412\/revisions"}],"wp:attachment":[{"href":"https:\/\/www.infodolar.com\/blog\/index.php\/wp-json\/wp\/v2\/media?parent=2412"}],"wp:term":[{"taxonomy":"category","embeddable":true,"href":"https:\/\/www.infodolar.com\/blog\/index.php\/wp-json\/wp\/v2\/categories?post=2412"},{"taxonomy":"post_tag","embeddable":true,"href":"https:\/\/www.infodolar.com\/blog\/index.php\/wp-json\/wp\/v2\/tags?post=2412"}],"curies":[{"name":"wp","href":"https:\/\/api.w.org\/{rel}","templated":true}]}}